{"id":1596,"date":"2021-06-03T23:27:01","date_gmt":"2021-06-03T17:27:01","guid":{"rendered":"https:\/\/bibliotecasibe.ecosur.mx\/blogsibe\/?p=1596"},"modified":"2021-06-03T23:27:02","modified_gmt":"2021-06-03T17:27:02","slug":"proximas-capacitaciones-acerca-de-la-definicion-de-la-necesidad-informativa-y-como-buscar-en-bases-de-datos-y-catalogo-sibe","status":"publish","type":"post","link":"https:\/\/bibliotecasibe.ecosur.mx\/blogsibe\/2021\/06\/03\/proximas-capacitaciones-acerca-de-la-definicion-de-la-necesidad-informativa-y-como-buscar-en-bases-de-datos-y-catalogo-sibe\/","title":{"rendered":"Pr\u00f3ximas capacitaciones acerca de la definici\u00f3n de la necesidad informativa y c\u00f3mo buscar en bases de datos y cat\u00e1logo SIBE"},"content":{"rendered":"\n<p>En el marco del Programa de formaci\u00f3n de usuarios 2021 del SIBE, en este mes de junio habr\u00e1 dos sesiones virtuales a trav\u00e9s de <em>Teams<\/em> (Office 365).<\/p>\n<p>La primera se ofrecer\u00e1 el 14 de junio, de 10:00 a 12:00 horas, con el tema <strong>Definici\u00f3n de la necesidad informativa (qu\u00e9 buscar)<\/strong>, dirigida a estudiantes y personal t\u00e9cnico acad\u00e9mico de ECOSUR, a cargo de\u00a0Lorena Reyes S\u00e1nchez, responsable de biblioteca SIBE Ramfis Ay\u00fas Reyes, de la Unidad Villahermosa y coordinadora del Programa competencias informativas.<\/p>\n<p>La segunda, el 16 de junio, de 10:00 a 12:00 horas, con el tema <strong>B\u00fasqueda de informaci\u00f3n en bases de datos y el Cat\u00e1logo SIBE<\/strong>, tambi\u00e9n estar\u00e1 dirigida a estudiantes y personal t\u00e9cnico acad\u00e9mico de ECOSUR, a cargo de Mar\u00eda Elena Mart\u00ednez P\u00e9rez, responsable de la biblioteca SIBE Unidad Campeche.<\/p>\n<p>En ambos casos, es indispensable el registro previo, con Ana Mar\u00eda Galindo Rodas (<a draggable=\"false\" href=\"mailto:amgalind@ecosur.mx\" target=\"_blank\" rel=\"noopener\">amgalind@ecosur.mx<\/a><span class=\"jsgrdq\">),<\/span> Lorena Reyes S\u00e1nchez (<span class=\"jsgrdq\">lreyes@ecosur.mx) o Mar\u00eda Elena Mart\u00ednez P\u00e9rez (memartin@ecosur.mx).<\/span><\/p>\n\n\n\n<figure class=\"wp-block-image size-large is-style-default\"><img loading=\"lazy\" decoding=\"async\" width=\"1024\" height=\"768\" src=\"https:\/\/bibliotecasibe.ecosur.mx\/blogsibe\/wp-content\/uploads\/sites\/4\/2021\/06\/Busqueda-en-bases-y-catalogo-1-1024x768.jpg\" alt=\"\" class=\"wp-image-1597\" srcset=\"https:\/\/bibliotecasibe.ecosur.mx\/blogsibe\/wp-content\/uploads\/sites\/4\/2021\/06\/Busqueda-en-bases-y-catalogo-1-1024x768.jpg 1024w, https:\/\/bibliotecasibe.ecosur.mx\/blogsibe\/wp-content\/uploads\/sites\/4\/2021\/06\/Busqueda-en-bases-y-catalogo-1-300x225.jpg 300w, https:\/\/bibliotecasibe.ecosur.mx\/blogsibe\/wp-content\/uploads\/sites\/4\/2021\/06\/Busqueda-en-bases-y-catalogo-1-768x576.jpg 768w, https:\/\/bibliotecasibe.ecosur.mx\/blogsibe\/wp-content\/uploads\/sites\/4\/2021\/06\/Busqueda-en-bases-y-catalogo-1-1536x1152.jpg 1536w, https:\/\/bibliotecasibe.ecosur.mx\/blogsibe\/wp-content\/uploads\/sites\/4\/2021\/06\/Busqueda-en-bases-y-catalogo-1-2048x1536.jpg 2048w\" sizes=\"auto, (max-width: 1024px) 100vw, 1024px\" \/><\/figure>\n","protected":false},"excerpt":{"rendered":"<p>En el marco del Programa de formaci\u00f3n de usuarios 2021 del SIBE, en este mes de junio habr\u00e1 dos sesiones virtuales a trav\u00e9s de Teams (Office 365). La primera se ofrecer\u00e1 el 14 de junio, de 10:00 a 12:00 horas, con el tema Definici\u00f3n de la necesidad informativa (qu\u00e9 buscar), dirigida a estudiantes y personal [&hellip;]<\/p>\n","protected":false},"author":5,"featured_media":1581,"comment_status":"open","ping_status":"open","sticky":false,"template":"","format":"standard","meta":{"content-type":"","om_disable_all_campaigns":false,"_monsterinsights_skip_tracking":false,"_monsterinsights_sitenote_active":false,"_monsterinsights_sitenote_note":"","_monsterinsights_sitenote_category":0,"ep_exclude_from_search":false,"footnotes":""},"categories":[1,26,8],"tags":[],"class_list":["post-1596","post","type-post","status-publish","format-standard","has-post-thumbnail","hentry","category-dehabilidadesinformativas","category-estudiantes","category-proximos-eventos"],"aioseo_notices":[],"_links":{"self":[{"href":"https:\/\/bibliotecasibe.ecosur.mx\/blogsibe\/wp-json\/wp\/v2\/posts\/1596","targetHints":{"allow":["GET"]}}],"collection":[{"href":"https:\/\/bibliotecasibe.ecosur.mx\/blogsibe\/wp-json\/wp\/v2\/posts"}],"about":[{"href":"https:\/\/bibliotecasibe.ecosur.mx\/blogsibe\/wp-json\/wp\/v2\/types\/post"}],"author":[{"embeddable":true,"href":"https:\/\/bibliotecasibe.ecosur.mx\/blogsibe\/wp-json\/wp\/v2\/users\/5"}],"replies":[{"embeddable":true,"href":"https:\/\/bibliotecasibe.ecosur.mx\/blogsibe\/wp-json\/wp\/v2\/comments?post=1596"}],"version-history":[{"count":1,"href":"https:\/\/bibliotecasibe.ecosur.mx\/blogsibe\/wp-json\/wp\/v2\/posts\/1596\/revisions"}],"predecessor-version":[{"id":1598,"href":"https:\/\/bibliotecasibe.ecosur.mx\/blogsibe\/wp-json\/wp\/v2\/posts\/1596\/revisions\/1598"}],"wp:featuredmedia":[{"embeddable":true,"href":"https:\/\/bibliotecasibe.ecosur.mx\/blogsibe\/wp-json\/wp\/v2\/media\/1581"}],"wp:attachment":[{"href":"https:\/\/bibliotecasibe.ecosur.mx\/blogsibe\/wp-json\/wp\/v2\/media?parent=1596"}],"wp:term":[{"taxonomy":"category","embeddable":true,"href":"https:\/\/bibliotecasibe.ecosur.mx\/blogsibe\/wp-json\/wp\/v2\/categories?post=1596"},{"taxonomy":"post_tag","embeddable":true,"href":"https:\/\/bibliotecasibe.ecosur.mx\/blogsibe\/wp-json\/wp\/v2\/tags?post=1596"}],"curies":[{"name":"wp","href":"https:\/\/api.w.org\/{rel}","templated":true}]}}