{"id":4344,"date":"2026-03-02T15:23:01","date_gmt":"2026-03-02T21:23:01","guid":{"rendered":"https:\/\/bibliotecasibe.ecosur.mx\/blogsibe\/?p=4344"},"modified":"2026-03-02T15:23:02","modified_gmt":"2026-03-02T21:23:02","slug":"viernes-de-cafe-en-biblioteca-tapachula","status":"publish","type":"post","link":"https:\/\/bibliotecasibe.ecosur.mx\/blogsibe\/2026\/03\/02\/viernes-de-cafe-en-biblioteca-tapachula\/","title":{"rendered":"Viernes de caf\u00e9 en biblioteca Tapachula."},"content":{"rendered":"\n<p>El viernes 27 de febrero, el aroma a caf\u00e9 y versos nos reuni\u00f3 de nuevo, despu\u00e9s de un enero intenso. En el mes del amor, compartimos nuestros poemas favoritos, y el espacio se llen\u00f3 de emociones y sentires.<\/p>\n\n\n\n<p>Con el coraz\u00f3n abierto compartimos nuestros escritos y pasiones literarias, se unieron las voces y letras de dos escritoras Tapachultecas: Thelma L\u00f3pez Garc\u00eda y Ang\u00e9lica Rir\u00e1ms. La poes\u00eda y la palabra tienen el poder de conmover y conectar a las personas, y esa fue la experiencia en este viernes de caf\u00e9, un encuentro lleno de armon\u00eda, conexi\u00f3n y poes\u00eda en vivo.<\/p>\n\n\n\n<figure class=\"wp-block-gallery has-nested-images columns-default is-cropped wp-block-gallery-1 is-layout-flex wp-block-gallery-is-layout-flex\">\n<figure class=\"wp-block-image size-large\"><img loading=\"lazy\" decoding=\"async\" width=\"897\" height=\"1024\" data-id=\"4345\" src=\"https:\/\/bibliotecasibe.ecosur.mx\/blogsibe\/wp-content\/uploads\/sites\/4\/2026\/03\/4VC265-897x1024.jpeg\" alt=\"\" class=\"wp-image-4345\" \/><\/figure>\n\n\n\n<figure class=\"wp-block-image size-large\"><img loading=\"lazy\" decoding=\"async\" width=\"897\" height=\"1024\" data-id=\"4348\" src=\"https:\/\/bibliotecasibe.ecosur.mx\/blogsibe\/wp-content\/uploads\/sites\/4\/2026\/03\/3-vc264-897x1024.jpeg\" alt=\"\" class=\"wp-image-4348\" \/><\/figure>\n\n\n\n<figure class=\"wp-block-image size-large\"><img loading=\"lazy\" decoding=\"async\" width=\"600\" height=\"800\" data-id=\"4349\" src=\"https:\/\/bibliotecasibe.ecosur.mx\/blogsibe\/wp-content\/uploads\/sites\/4\/2026\/03\/2-Viernes-las-3.jpeg\" alt=\"\" class=\"wp-image-4349\" \/><\/figure>\n\n\n\n<figure class=\"wp-block-image size-large\"><img loading=\"lazy\" decoding=\"async\" width=\"1024\" height=\"1024\" data-id=\"4346\" src=\"https:\/\/bibliotecasibe.ecosur.mx\/blogsibe\/wp-content\/uploads\/sites\/4\/2026\/03\/4-VC262-1024x1024.jpeg\" alt=\"\" class=\"wp-image-4346\" srcset=\"https:\/\/bibliotecasibe.ecosur.mx\/blogsibe\/wp-content\/uploads\/sites\/4\/2026\/03\/4-VC262-1024x1024.jpeg 1024w, https:\/\/bibliotecasibe.ecosur.mx\/blogsibe\/wp-content\/uploads\/sites\/4\/2026\/03\/4-VC262-300x300.jpeg 300w, https:\/\/bibliotecasibe.ecosur.mx\/blogsibe\/wp-content\/uploads\/sites\/4\/2026\/03\/4-VC262-150x150.jpeg 150w\" sizes=\"auto, (max-width: 1024px) 100vw, 1024px\" \/><\/figure>\n\n\n\n<figure class=\"wp-block-image size-large\"><img loading=\"lazy\" decoding=\"async\" width=\"1024\" height=\"901\" data-id=\"4347\" src=\"https:\/\/bibliotecasibe.ecosur.mx\/blogsibe\/wp-content\/uploads\/sites\/4\/2026\/03\/1VC261-1024x901.jpeg\" alt=\"\" class=\"wp-image-4347\" \/><\/figure>\n<\/figure>\n","protected":false},"excerpt":{"rendered":"<p>El viernes 27 de febrero, el aroma a caf\u00e9 y versos nos reuni\u00f3 de nuevo, despu\u00e9s de un enero intenso. En el mes del amor, compartimos nuestros poemas favoritos, y el espacio se llen\u00f3 de emociones y sentires. Con el coraz\u00f3n abierto compartimos nuestros escritos y pasiones literarias, se unieron las voces y letras de [&hellip;]<\/p>\n","protected":false},"author":16,"featured_media":0,"comment_status":"closed","ping_status":"open","sticky":false,"template":"","format":"standard","meta":{"content-type":"","om_disable_all_campaigns":false,"_monsterinsights_skip_tracking":false,"_monsterinsights_sitenote_active":false,"_monsterinsights_sitenote_note":"","_monsterinsights_sitenote_category":0,"ep_exclude_from_search":false,"footnotes":""},"categories":[14,10],"tags":[],"class_list":["post-4344","post","type-post","status-publish","format-standard","hentry","category-bibliotecasibetapachula","category-vidaenlasbibliotecas"],"aioseo_notices":[],"_links":{"self":[{"href":"https:\/\/bibliotecasibe.ecosur.mx\/blogsibe\/wp-json\/wp\/v2\/posts\/4344","targetHints":{"allow":["GET"]}}],"collection":[{"href":"https:\/\/bibliotecasibe.ecosur.mx\/blogsibe\/wp-json\/wp\/v2\/posts"}],"about":[{"href":"https:\/\/bibliotecasibe.ecosur.mx\/blogsibe\/wp-json\/wp\/v2\/types\/post"}],"author":[{"embeddable":true,"href":"https:\/\/bibliotecasibe.ecosur.mx\/blogsibe\/wp-json\/wp\/v2\/users\/16"}],"replies":[{"embeddable":true,"href":"https:\/\/bibliotecasibe.ecosur.mx\/blogsibe\/wp-json\/wp\/v2\/comments?post=4344"}],"version-history":[{"count":1,"href":"https:\/\/bibliotecasibe.ecosur.mx\/blogsibe\/wp-json\/wp\/v2\/posts\/4344\/revisions"}],"predecessor-version":[{"id":4350,"href":"https:\/\/bibliotecasibe.ecosur.mx\/blogsibe\/wp-json\/wp\/v2\/posts\/4344\/revisions\/4350"}],"wp:attachment":[{"href":"https:\/\/bibliotecasibe.ecosur.mx\/blogsibe\/wp-json\/wp\/v2\/media?parent=4344"}],"wp:term":[{"taxonomy":"category","embeddable":true,"href":"https:\/\/bibliotecasibe.ecosur.mx\/blogsibe\/wp-json\/wp\/v2\/categories?post=4344"},{"taxonomy":"post_tag","embeddable":true,"href":"https:\/\/bibliotecasibe.ecosur.mx\/blogsibe\/wp-json\/wp\/v2\/tags?post=4344"}],"curies":[{"name":"wp","href":"https:\/\/api.w.org\/{rel}","templated":true}]}}